{"id":546,"date":"2020-10-27T07:38:43","date_gmt":"2020-10-27T07:38:43","guid":{"rendered":"https:\/\/lacasapolar.org\/?p=546"},"modified":"2020-12-18T09:35:50","modified_gmt":"2020-12-18T09:35:50","slug":"del-movimiento-loco-al-despertar-de-los-disidentes-sanitarios","status":"publish","type":"post","link":"https:\/\/lacasapolar.org\/es\/del-movimiento-loco-al-despertar-de-los-disidentes-sanitarios","title":{"rendered":"Del movimiento loco al despertar de los disidentes sanitarios"},"content":{"rendered":"\n<p><em>Este texto fue&nbsp;<\/em><a rel=\"noreferrer noopener\" href=\"https:\/\/www.cuartopoder.es\/sociedad\/2019\/06\/23\/movimiento-loco-disidentes-sanitarios\/\" target=\"_blank\"><em>originalmente publicado en la web CuartoPoder en junio de 2019<\/em><\/a><em>. Lo recuper\u00f3 <a href=\"https:\/\/madinamerica-hispanohablante.org\/del-movimiento-loco-al-despertar-de-los-disidentes-sanitarios-susana-ye\/\" data-type=\"URL\" data-id=\"https:\/\/madinamerica-hispanohablante.org\/del-movimiento-loco-al-despertar-de-los-disidentes-sanitarios-susana-ye\/\">Mad in Am\u00e9rica Hispanohablante<\/a> para su difusi\u00f3n con algunas notas a\u00f1adidas por su Redacci\u00f3n. ]<\/em><\/p>\n\n\n\n<p>Ver\u00f3nica ten\u00eda 22 a\u00f1os cuando se rompi\u00f3 de dentro hacia fuera. \u201cEn lenguaje de psiquiatr\u00eda convencional, tuve un brote psic\u00f3tico\u201d. Ocurri\u00f3 hace 13 a\u00f1os y su \u00faltimo ingreso fue hace seis. \u201cEn esas cuatro ocasiones fui internada forzosamente.<strong>&nbsp;Estuve atada a la cama durante much\u00edsimas horas<\/strong>\u201d. Ahora construye La Casa Polar<sup>(1)<\/sup>, un espacio para que las locas superen, en condiciones de igualdad y de manera colectiva, los momentos m\u00e1s duros de salud mental.<\/p>\n\n\n\n<p>La idea surgi\u00f3 en 2010. \u201cSal\u00ed de mi pen\u00faltimo ingreso y&nbsp;<strong>le pregunt\u00e9 a la doctora si hab\u00eda un sitio m\u00e1s amable y menos da\u00f1ino donde pasar esos momentos<\/strong>\u201d. La respuesta fue no y su reacci\u00f3n fue tan firme como esa negaci\u00f3n: \u201cCuando sal\u00ed por la puerta le dije a mi madre, que me acompa\u00f1aba, que lo \u00edbamos a tener que inventar\u201d. Le cost\u00f3 muchos a\u00f1os ponerse a ello, atravesada por reca\u00eddas a lo largo de una vida \u201caparentemente normal\u201d, incluidos dos a\u00f1os en Londres y cinco meses viajando por Asia. Su impulso cogi\u00f3 fuerzas de manera definitiva a partir de un hecho muy concreto, la crisis mental de una familiar. \u201cElla nunca hab\u00eda pasado por algo as\u00ed. La acompa\u00f1\u00e9 en todo momento y decid\u00ed llamar a Urgencias\u201d. Exponerse a vivir desde fuera lo que ella vivi\u00f3 en hasta cuatro ocasiones previas le hizo m\u00e1s consciente de la situaci\u00f3n.<\/p>\n\n\n\n<p>En 2015 descubri\u00f3&nbsp;<strong>\u2018Tejiendo redes en salud mental\u2019, un punto de encuentro para colectivos y asociaciones cr\u00edticas<\/strong>. Y conoci\u00f3&nbsp;<a href=\"https:\/\/madinamerica-hispanohablante.org\/utopia-loca-y-el-sueno-que-deberia-ser-berlin-runaway-house\/\" target=\"_blank\" rel=\"noreferrer noopener\">Berl\u00edn Runaway House,<\/a>&nbsp;un proyecto que desde 1996 lo forman solo personas que se definen como \u2018<em>supervivientes de la psiquiatr\u00eda<\/em>\u2019. Aunque en un inicio Ver\u00f3nica era totalmente contraria a los profesionales sanitarios, con el tiempo ha suavizado su postura. \u201cSigo pensando que no es necesario personal profesional pero tambi\u00e9n es cierto que una participante de cada encuentro semanal es psiquiatra\u201d. En plena fase de sentar los cimientos de La Casa Polar en Catalu\u00f1a, esta mujer ya es parte del equipo aunque su profesi\u00f3n no se tiene en cuenta y no tiene funciones concretas asignadas.<\/p>\n\n\n\n<p>Otro proyecto que est\u00e1 gest\u00e1ndose es&nbsp;<strong>la Casa de Cuidados de Mujeres en Madrid<\/strong><sup>(<\/sup><sup>2)<\/sup>. La psic\u00f3loga Mar\u00eda Alonso Su\u00e1rez y la psiquiatra Bel\u00e9n Gonz\u00e1lez son las que lo iniciaron a finales de 2018 tras conocer&nbsp;<a rel=\"noreferrer noopener\" href=\"https:\/\/madinamerica-hispanohablante.org\/las-casa-de-crisis-de-drayton-park-entrevista-a-shirley-mcnicholas\/\" target=\"_blank\">Drayton Park<\/a>. Concebida como&nbsp;<a rel=\"noreferrer noopener\" href=\"https:\/\/madinamerica-hispanohablante.org\/preferiria-morir-antes-que-volver-al-hospital-por-que-necesitamos-una-casa-de-crisis-en-cada-ciudad-anne-cooke\/\" target=\"_blank\">una casa de crisis de mujeres<\/a>, Drayton Park est\u00e1 establecida en&nbsp;<a rel=\"noreferrer noopener\" href=\"https:\/\/www.candi.nhs.uk\/services\/drayton-park-womens-crisis-house-and-resource-centre\" target=\"_blank\">Londres<\/a>&nbsp;y la financia Sanidad desde hace 20 a\u00f1os. Cuenta con un grupo asesor para pol\u00edticas con perspectiva de g\u00e9nero sobre salud mental formado por profesionales y mujeres que han vivido de primera mano la experiencia.<\/p>\n\n\n\n<p>Alonso explica que inspiradas por Drayton Park una de sus metas es&nbsp;<strong>apoyar a las v\u00edctimas de violencia de g\u00e9nero, ya sea en un espacio f\u00edsico propio, en los pisos tutelados o en los institutos de mujeres<\/strong>. Destaca que m\u00e1s all\u00e1 del resultado todo el proceso, incluidas las reuniones mensuales, es valioso. \u201cMe gusta explicarlo con el rizoma: t\u00fa ves s\u00f3lo una seta pero est\u00e1 conectada por las ra\u00edces con el resto\u201d, y concluye, \u201ceso es lo que estamos haciendo, que haya un subsuelo f\u00e9rtil para los cambios\u201d.<\/p>\n\n\n\n<p><strong>\u201cHemos creado lugares hostiles\u201d<\/strong><\/p>\n\n\n\n<p>Por ahora, m\u00e1s que un subsuelo f\u00e9rtil el sistema sanitario de salud mental sienta sus bases en carencias. Espa\u00f1a tiene una media de menos de dos enfermeros especializados y dos psic\u00f3logos por cada 100.000 habitantes, denuncian la Asociaci\u00f3n Espa\u00f1ola de Neuropsiquiatr\u00eda y la Asociaci\u00f3n Espa\u00f1ola de Psiquiatr\u00eda. Tanto es as\u00ed que&nbsp;<a rel=\"noreferrer noopener\" href=\"https:\/\/www.defensordelpueblo.es\/noticias\/salud-mental-sistema-nacional-salud\/\" target=\"_blank\">en 2018 el Defensor del Pueblo demand\u00f3 explicaciones<\/a>&nbsp;al respecto.<\/p>\n\n\n\n<p>A este hecho se une una reflexi\u00f3n. Olaia Fern\u00e1ndez, psiquiatra de formaci\u00f3n, lo explica as\u00ed: \u201cMe he dado cuenta, a trav\u00e9s de personas que me lo explicaban, que bajo ning\u00fan concepto van a ir al hospital incluso si tienen gastroenteritis y se est\u00e1n deshidratando por miedo a que un diagn\u00f3stico desate la cadena de violencia que ya has pasado\u201d. Y llega a una conclusi\u00f3n:<strong>&nbsp;\u201cHemos creado lugares hostiles y agresivos a los que la gente no quiere ir\u201d<\/strong>. De hecho se dan situaciones violentas como las contenciones mec\u00e1nicas, denunciadas por&nbsp;<a href=\"https:\/\/www.consaludmental.org\/publicaciones\/Informe-Relator-ONU-derecho-salud.PDF\" target=\"_blank\" rel=\"noreferrer noopener\">el Relator Especial de la ONU, Dainius P\u00fcras<\/a>. Y daba un dato preocupante: \u201cA nivel mundial se destina a la salud mental menos del 7% de los presupuestos de salud\u201d.<\/p>\n\n\n\n<p>Lucha contra las contenciones mec\u00e1nicas el enfermero Daniel Cuesta Lozano, que tiene clara su postura: \u201cCada vez que se ata a una persona en la UCI, a otra desorientada en una unidad de medicina interna o se inmoviliza un brazo para que no se arranque un suero hay una contenci\u00f3n mec\u00e1nica que s\u00f3lo es viable si es un ingreso involuntario, previo comunicado al juzgado\u201d. Y lo desarrolla: \u201cEsto no se est\u00e1 haciendo una inmensa mayor\u00eda de veces y ejemplos de ello es&nbsp;<a href=\"https:\/\/www.elsaltodiario.com\/el-rumor-de-las-multitudes\/pacientes-sospechosas-biopolitica-y-psiquiatria\" target=\"_blank\" rel=\"noreferrer noopener\">el caso de Mastrogiovani<\/a>, que estuvo&nbsp;<strong>87 horas atado y muri\u00f3 el 4 de agosto de 2009 en Italia<\/strong>.&nbsp;<a href=\"https:\/\/elpais.com\/sociedad\/2019\/04\/18\/actualidad\/1555612101_291957.html\" target=\"_blank\" rel=\"noreferrer noopener\">O el reciente de Andreas<\/a>, que estuvo 75 horas atada y muri\u00f3 en abril de 2017 en Asturias. Ambos muestran que la gente se nos muere atada. \u00bfPor qu\u00e9 no ense\u00f1amos a evitar una contenci\u00f3n mec\u00e1nica? \u00bfDe verdad no podemos hacerlo mejor?\u201d<\/p>\n\n\n\n<p><strong>Un cambio cultural dentro y fuera de las instituciones<\/strong><\/p>\n\n\n\n<p>Hay cambios en el colectivo loco y profesionales cr\u00edticos pero\u2026 \u00bfqu\u00e9 pasa en los servicios formales? En problemas de salud mental considerados graves, como la psicosis, solo hay 22 programas de intervenci\u00f3n precoz, lo que apenas cubre al 32% de los 1,4 millones de afectados en Espa\u00f1a, seg\u00fan el&nbsp;<a rel=\"noreferrer noopener\" href=\"http:\/\/www.sepsiq.org\/file\/Enlaces\/Libro%20blanco%20de%20la%20Intervenci%C3%B3n%20Temprana%20en%20Espa%C3%B1a%20(2018).pdf\" target=\"_blank\">Libro Blanco de Intervenci\u00f3n Temprana en Psicosis en Espa\u00f1a<\/a>. Silvia Parrabera, coordinadora de la Unidad de Atenci\u00f3n Temprana de Alcal\u00e1 de Henares, se\u00f1ala que en Reino Unido y Estados Unidos la importancia de actuar desde el inicio germin\u00f3 en los 80. \u201cEn Espa\u00f1a hasta pasada una media de 12 a\u00f1os no se accede a la rehabilitaci\u00f3n psicosocial y laboral. En vez de trabajar desde el inicio lo primero que se hace es medicar, lo que cronifica el problema y establece dependencias que duran toda la vida como la incapacitaci\u00f3n y tutelaje\u201d.<\/p>\n\n\n\n<p>Parte del equipo de Parrabera eran Olaia Fern\u00e1ndez y Pablo Fern\u00e1ndez. Olaia es psiquiatra pero se ha autodefinido como no diagnosticada, con trastorno adaptativo o mala profesional para denunciar las din\u00e1micas de poder. All\u00ed establecieron medidas como&nbsp;<strong>no hablar de la persona afectada sin ella delante<\/strong>. Pablo explica parte de sus principios de partida as\u00ed: \u201cAl experto lo que le sucede es el otro\u201d. Y detalla: \u201cT\u00fa tienes saber experto en crear din\u00e1micas de escucha pero no eres experto de lo que le sucede al otro. Ello evita la colonizaci\u00f3n de sus subjetividades, esto es, que la gente cuente su vida seg\u00fan t\u00fa la cuentas porque le ordenas c\u00f3mo ha de comportarse, qu\u00e9 habilidades ha de tener y, en definitiva, intentas homogeneizarlo como ciudadano \u2018normal\u201d.<\/p>\n\n\n\n<p>Para romper con una relaci\u00f3n de poder de paciente a profesional incorporaron en la Unidad de Atenci\u00f3n Temprana a una experta por experiencia (PAR), que es el t\u00e9rmino para referirse a una persona con un problema de salud mental. El proyecto madur\u00f3 hasta involucrar al entorno del atendido pero a inicios de 2019 un informe de la Comunidad de Madrid estableci\u00f3 que hab\u00eda que reducir el equipo. Se prescindi\u00f3 de la figura PAR, una p\u00e9rdida importante si se tiene en cuenta que para el 92% de consultados en el Libro Blanco una de las prioridades era&nbsp;<strong>ser tenido en cuenta en las decisiones de tratamiento<\/strong>.<\/p>\n\n\n\n<p>Y para romper las relaciones de poder entre compa\u00f1eros durante un a\u00f1o hubo reparto de sueldos. Lo pidieron formalmente pero ante la negativa lo aplicaron fuera del registro \u201cPersonalmente, fue un modo de evitar que ejerciera violencia\u201d, se sincera Olaia, que al ser psiquiatra cobraba hasta mil euros m\u00e1s que el resto. Otra medida importante de no caer en h\u00e1bitos de poder era ir en parejas a hablar con la persona. Ahora Olaia y Pablo trabajan en un proyecto propio,&nbsp;<strong>La Porvenir<\/strong><sup>(3)<\/sup><strong>, que espera convertirse en norma en vez de excepci\u00f3n<\/strong>. En esencia, consiste en reuniones de todo el entorno de la persona en crisis para atravesar y superar esa dura etapa.<\/p>\n\n\n\n<p>Por su parte, Daniel Cuesta comenta lo siguiente: \u201cSobre proyectos que incorporan otro modo de acompa\u00f1ar, hay&nbsp;<strong>casos excepcionales como la unidad de agudos del Hospital de la Santa Creu i Sant Pau de Barcelona<\/strong>\u201d. Destaca adem\u00e1s un referente:&nbsp;<a href=\"https:\/\/consaludmental.org\/sala-prensa\/trieste-cuna-atencion-comunitaria-salud-mental-36569\/\" target=\"_blank\" rel=\"noreferrer noopener\">la iniciativa de Franco Basaglia<\/a>&nbsp;en Trieste, en Italia. Pero ante todo tanto Daniel como el resto de entrevistados a lo largo de varios reportajes resaltan la importante labor de los propios locos: \u201cLos colectivos denominados En Primera Persona, como Primera Vocal, FLIPAS, Asociaci\u00f3n Hierbabuena o ActivaMent son una fuente de aprendizaje.&nbsp;<a href=\"https:\/\/www.elsaltodiario.com\/salud-mental\/cuando-la-locura-toma-la-palabra-activismo-salud-diversidad-orgullo-loco\" target=\"_blank\" rel=\"noreferrer noopener\">Y hay que incorporar de manera horizontal y transversal sus experiencias<\/a>&nbsp;tanto en el d\u00eda a d\u00eda, en la investigaci\u00f3n y en la gesti\u00f3n\u201d.<\/p>\n\n\n\n<p><em>**Contactamos con psiquiatr\u00eda del Hospital Vall d\u2019Hebron, referente en m\u00faltiples \u00e1mbitos m\u00e9dicos a nivel internacional, para contar con su visi\u00f3n pero tras enviarles el cuestionario, porque as\u00ed lo solicitaron, no obtuvimos respuesta**<\/em><\/p>\n\n\n\n<hr class=\"wp-block-separator\"\/>\n\n\n\n<p>(1) La Casa Polar contin\u00faa gest\u00e1ndose como proyecto, en b\u00fasqueda de una ubicaci\u00f3n que cumpla las necesidades para las que est\u00e1 pensada y de financiaci\u00f3n que garantice la autonom\u00eda y el respeto a la filosof\u00eda con que se quiere hacer realidad este espacio en territorio catal\u00e1n. Sus impulsoras pueden ser contactadas en lacasapolar@gmail.com<\/p>\n\n\n\n<p>(2) A fecha de la publicaci\u00f3n de esta entrada en MIAH el proyecto madrile\u00f1o para construir una casa de cuidados para mujeres en crisis se ha dotado de un nombre propio, La Casa Abierta, y se las puede localizar escribiendo al correo casaabierta.0@gmail.com<\/p>\n\n\n\n<p>(3) Olaia Fern\u00e1ndez y Pablo Fern\u00e1ndez hablaron m\u00e1s sobre La Porvenir en el programa de radio Mejor Imposible, una experiencia de radio loca en Madrid que puede escucharse desde aqu\u00ed:&nbsp;<a href=\"https:\/\/www.omcradio.org\/la-porvenir-que-creamos-que-la-vida-conecte-con-nosotrs-reflexiones-sobre-salud-mental-comunitaria\/\">https:\/\/www.omcradio.org\/la-porvenir-que-creamos-que-la-vida-conecte-con-nosotrs-reflexiones-sobre-salud-mental-comunitaria\/<\/a><\/p>\n\n\n\n<p><em>(Notas al Pie a\u00f1adidas desde la Redacci\u00f3n de MIAH)<\/em><\/p>\n","protected":false},"excerpt":{"rendered":"<p>Este texto fue&nbsp;originalmente publicado en la web CuartoPoder en junio de 2019. Lo recuper\u00f3 Mad in Am\u00e9rica Hispanohablante para su difusi\u00f3n con algunas notas a\u00f1adidas por su Redacci\u00f3n. ] Ver\u00f3nica ten\u00eda 22 a\u00f1os cuando se rompi\u00f3 de dentro hacia fuera. \u201cEn lenguaje de psiquiatr\u00eda convencional, tuve un brote psic\u00f3tico\u201d. Ocurri\u00f3 hace 13 a\u00f1os y su&hellip;&nbsp;<a href=\"https:\/\/lacasapolar.org\/es\/del-movimiento-loco-al-despertar-de-los-disidentes-sanitarios\" class=\"\" rel=\"bookmark\">Leer m\u00e1s &raquo;<span class=\"screen-reader-text\">Del movimiento loco al despertar de los disidentes sanitarios<\/span><\/a><\/p>\n","protected":false},"author":1,"featured_media":547,"comment_status":"open","ping_status":"open","sticky":false,"template":"","format":"standard","meta":{"_eb_attr":"","_uag_custom_page_level_css":"","_monsterinsights_skip_tracking":false,"_monsterinsights_sitenote_active":false,"_monsterinsights_sitenote_note":"","_monsterinsights_sitenote_category":0,"neve_meta_sidebar":"","neve_meta_container":"","neve_meta_enable_content_width":"","neve_meta_content_width":0,"neve_meta_title_alignment":"","neve_meta_author_avatar":"","neve_post_elements_order":"","neve_meta_disable_header":"","neve_meta_disable_footer":"","neve_meta_disable_title":"","_themeisle_gutenberg_block_has_review":false},"categories":[15],"tags":[],"jetpack_featured_media_url":"https:\/\/lacasapolar.org\/wp-content\/uploads\/2020\/10\/flowers-1174127.jpg","uagb_featured_image_src":{"full":["https:\/\/lacasapolar.org\/wp-content\/uploads\/2020\/10\/flowers-1174127.jpg",1200,900,false],"thumbnail":["https:\/\/lacasapolar.org\/wp-content\/uploads\/2020\/10\/flowers-1174127-150x150.jpg",150,150,true],"medium":["https:\/\/lacasapolar.org\/wp-content\/uploads\/2020\/10\/flowers-1174127-300x225.jpg",300,225,true],"medium_large":["https:\/\/lacasapolar.org\/wp-content\/uploads\/2020\/10\/flowers-1174127-768x576.jpg",768,576,true],"large":["https:\/\/lacasapolar.org\/wp-content\/uploads\/2020\/10\/flowers-1174127-1024x768.jpg",1024,768,true],"1536x1536":["https:\/\/lacasapolar.org\/wp-content\/uploads\/2020\/10\/flowers-1174127.jpg",1200,900,false],"2048x2048":["https:\/\/lacasapolar.org\/wp-content\/uploads\/2020\/10\/flowers-1174127.jpg",1200,900,false],"neve-blog":["https:\/\/lacasapolar.org\/wp-content\/uploads\/2020\/10\/flowers-1174127-930x620.jpg",930,620,true]},"uagb_author_info":{"display_name":"La Casa Polar","author_link":"https:\/\/lacasapolar.org\/es\/author\/casapolaradmin"},"uagb_comment_info":73,"uagb_excerpt":"Este texto fue&nbsp;originalmente publicado en la web CuartoPoder en junio de 2019. Lo recuper\u00f3 Mad in Am\u00e9rica Hispanohablante para su difusi\u00f3n con algunas notas a\u00f1adidas por su Redacci\u00f3n. ] Ver\u00f3nica ten\u00eda 22 a\u00f1os cuando se rompi\u00f3 de dentro hacia fuera. \u201cEn lenguaje de psiquiatr\u00eda convencional, tuve un brote psic\u00f3tico\u201d. Ocurri\u00f3 hace 13 a\u00f1os y su&hellip;&nbsp;Leer&hellip;","_links":{"self":[{"href":"https:\/\/lacasapolar.org\/es\/wp-json\/wp\/v2\/posts\/546"}],"collection":[{"href":"https:\/\/lacasapolar.org\/es\/wp-json\/wp\/v2\/posts"}],"about":[{"href":"https:\/\/lacasapolar.org\/es\/wp-json\/wp\/v2\/types\/post"}],"author":[{"embeddable":true,"href":"https:\/\/lacasapolar.org\/es\/wp-json\/wp\/v2\/users\/1"}],"replies":[{"embeddable":true,"href":"https:\/\/lacasapolar.org\/es\/wp-json\/wp\/v2\/comments?post=546"}],"version-history":[{"count":2,"href":"https:\/\/lacasapolar.org\/es\/wp-json\/wp\/v2\/posts\/546\/revisions"}],"predecessor-version":[{"id":687,"href":"https:\/\/lacasapolar.org\/es\/wp-json\/wp\/v2\/posts\/546\/revisions\/687"}],"wp:featuredmedia":[{"embeddable":true,"href":"https:\/\/lacasapolar.org\/es\/wp-json\/wp\/v2\/media\/547"}],"wp:attachment":[{"href":"https:\/\/lacasapolar.org\/es\/wp-json\/wp\/v2\/media?parent=546"}],"wp:term":[{"taxonomy":"category","embeddable":true,"href":"https:\/\/lacasapolar.org\/es\/wp-json\/wp\/v2\/categories?post=546"},{"taxonomy":"post_tag","embeddable":true,"href":"https:\/\/lacasapolar.org\/es\/wp-json\/wp\/v2\/tags?post=546"}],"curies":[{"name":"wp","href":"https:\/\/api.w.org\/{rel}","templated":true}]}}